{"id":1046,"date":"2018-01-22T08:08:18","date_gmt":"2018-01-22T08:08:18","guid":{"rendered":"http:\/\/www.habilitas.ro\/?p=1046"},"modified":"2021-02-12T06:34:06","modified_gmt":"2021-02-12T06:34:06","slug":"2-pentru-o-batranete-demna","status":"publish","type":"post","link":"https:\/\/www.habilitas.ro\/index.php\/ro\/2018\/01\/22\/2-pentru-o-batranete-demna\/","title":{"rendered":"3.5% pentru o batranete demna"},"content":{"rendered":"<p>Seniorii no\u0219tri au dreptul la o via\u021b\u0103 mai bun\u0103. Redirec\u021bioneaza pana la 3.5% pentru proiectele dedicate v\u00e2rstnicilor, implementate de Asocia\u021bia Habilitas. Un efort mic pentru tine poate s\u0103 \u00eensemne o b\u0103tr\u00e2ne\u021be demna \u0219i activ\u0103 pentru ei. <strong><span style=\"color: #2ecc71;\"><a style=\"color: #2ecc71;\" href=\"http:\/\/www.habilitas.ro\/wp-content\/uploads\/2018\/01\/doi-la-suta-Habilitas.pdf\" target=\"_blank\" rel=\"noopener noreferrer\">Descarc\u0103 formularul de 3.5%<\/a><\/span><\/strong><a href=\"http:\/\/www.habilitas.ro\/wp-content\/uploads\/2015\/08\/cerere_230_2014-COMPLETATA.pdf\">\u00a0<\/a>de pe pagina noastra si depune-l la sediul ANAF de care apartii in functie de domiciliul tau.<\/p>\n<p>Popula\u021bia Rom\u00e2niei \u0219i a \u00eentregii Europe \u00eemb\u0103tr\u00e2ne\u0219te. Potrivit Institutului National de Statistica, in anul 2015 popula\u021bia de peste 65 de ani din Rom\u00e2nia este de 22%. \u00cen aceste condi\u021bii, este esen\u021bial s\u0103 ne \u00eengrijim de seniori \u0219i s\u0103-i valoriz\u0103m ca pe o resurs\u0103 important\u0103.<\/p>\n<p>De 11 ani, Asocia\u021bia Habilitas dezvolt\u0103 proiecte dedicate v\u00e2rstnicilor, menite s\u0103 le asigure o b\u0103tr\u00e2ne\u021be demna \u0219i s\u0103-i reintegreze social \u0219i profesional, prin implementarea programelor de formare pentru seniori, pentru ingrijitorii lor si pentru profesionisti, prin dezvoltarea activit\u0103\u021bilor de voluntariat ale seniorilor, propuneri de politici publice dedicate acestora, si prin prevenirea si combaterea abuzului asupra varstnicilor in institutiile de ingrijire si in familie.<\/p>\n<p>Alege s\u0103 direc\u021bionezi 3.5% din impozitul pe venit, aferent anului 2017, pentru proiecte dedicate seniorilor.<\/p>\n<p>Realizarile noastre in 2017 sunt:<\/p>\n<ul>\n<li>Elaborarea unei strategii locale pentru sustinerea voluntariatului seniorilor in Bucuresti, adoptata de catre Consiliul General al Municipiului Bucuresti, in septembrie 2017. Astfel, seniorii din Bucuresti vor beneficia de sprijin, infrastructura si colaborare intre autoritati publice si ONG-uri, pentru a fi voluntari!<\/li>\n<li>Derularea unor cursuri de formare pentru personalul de ingrijire din centrele rezidentiale pentru varstnici din Bucuresti, cat si pentru varstnicii institutionalizati, pentru promovarea drepturilor omului, prevenirea abuzului asupra varstnicului, si imputernicirea seniorilor de a-si cunoaste drepturile fundamentale si de a solicita respectarea acestora<\/li>\n<li>Dezvoltarea serviciilor de \u00eengrijire la domiciliu pentru v\u00e2rstnicii singuri, bolnavi sau imobiliza\u021bi<\/li>\n<li>Sus\u021binerea activit\u0103\u021bilor de voluntariat ale v\u00e2rstnicilor \u00een favoarea copiilor, tinerilor \u0219i a altor v\u00e2rstnici institu\u021bionaliza\u021bi, facilitand relatiile intergenerationale.<\/li>\n<li>Initierea unor programe de formare pentru imbunatatirea integrarii lucratorilor varstnici pe piata muncii<\/li>\n<li>Initierea unor programe de formare dedicate tinerilor dezavantajati, avand ca mentori seniori voluntari<\/li>\n<\/ul>\n<p style=\"text-align: center;\"><strong>\u00a0\u00a0\u00a0\u00a0\u00a0\u00a0\u00a0\u00a0\u00a0\u00a0\u00a0\u00a0\u00a0\u00a0\u00a0\u00a0\u00a0\u00a0\u00a0\u00a0\u00a0\u00a0 Redirec\u0163ioneaz\u0103 3.5% din impozitul pe venit pentru a asigura o \u00eemb\u0103tr\u00e2nire<br \/>\ndemn\u0103 seniorilor Rom\u00e2niei!<\/strong><\/p>\n","protected":false},"excerpt":{"rendered":"<p>Seniorii no\u0219tri au dreptul la o via\u021b\u0103 mai bun\u0103. Redirec\u021bioneaza  [&#8230;]<\/p>\n","protected":false},"author":1,"featured_media":0,"comment_status":"open","ping_status":"open","sticky":true,"template":"","format":"standard","meta":{"_monsterinsights_skip_tracking":false,"_monsterinsights_sitenote_active":false,"_monsterinsights_sitenote_note":"","_monsterinsights_sitenote_category":0,"footnotes":""},"categories":[8],"tags":[],"class_list":["post-1046","post","type-post","status-publish","format-standard","hentry","category-fara-categorie-ro"],"_links":{"self":[{"href":"https:\/\/www.habilitas.ro\/index.php\/wp-json\/wp\/v2\/posts\/1046","targetHints":{"allow":["GET"]}}],"collection":[{"href":"https:\/\/www.habilitas.ro\/index.php\/wp-json\/wp\/v2\/posts"}],"about":[{"href":"https:\/\/www.habilitas.ro\/index.php\/wp-json\/wp\/v2\/types\/post"}],"author":[{"embeddable":true,"href":"https:\/\/www.habilitas.ro\/index.php\/wp-json\/wp\/v2\/users\/1"}],"replies":[{"embeddable":true,"href":"https:\/\/www.habilitas.ro\/index.php\/wp-json\/wp\/v2\/comments?post=1046"}],"version-history":[{"count":9,"href":"https:\/\/www.habilitas.ro\/index.php\/wp-json\/wp\/v2\/posts\/1046\/revisions"}],"predecessor-version":[{"id":1864,"href":"https:\/\/www.habilitas.ro\/index.php\/wp-json\/wp\/v2\/posts\/1046\/revisions\/1864"}],"wp:attachment":[{"href":"https:\/\/www.habilitas.ro\/index.php\/wp-json\/wp\/v2\/media?parent=1046"}],"wp:term":[{"taxonomy":"category","embeddable":true,"href":"https:\/\/www.habilitas.ro\/index.php\/wp-json\/wp\/v2\/categories?post=1046"},{"taxonomy":"post_tag","embeddable":true,"href":"https:\/\/www.habilitas.ro\/index.php\/wp-json\/wp\/v2\/tags?post=1046"}],"curies":[{"name":"wp","href":"https:\/\/api.w.org\/{rel}","templated":true}]}}